{
    "legislatures": [], 
    "parliamentarians": [
        {
            "address": "Santo Ant\u00f4nio de P\u00e1dua-RJ", 
            "birthday": "1975-05-28", 
            "description": "<h2 class=\"mceContentBody documentContent template-folder_tabular_view portaltype-folder site-portal section-processo-legislativo subsection-parlamentares icons-on userrole-authenticated userrole-site administrator userrole-member userrole-manager userrole-editor userrole-reader userrole-contributor userrole-reviewer\">Ralph Kezen Leite nasceu em Santo Ant\u00f4nio de P\u00e1dua, Estado do Rio de Janeiro, no dia 28 de maio de 1975. Filho do fazendeiro e pecuarista Renato Moraes Leite e da professora Val\u00e9ria Fernandes Kezen Leite, tendo como seus av\u00f3s paternos, Maria do Carmo Moraes Leite e Pedro Ot\u00e1vio Leite Ribeiro, e como av\u00f3s maternos, Eunice Fernandes Kezen e Jos\u00e9 Kezen, Ralph foi criado em um ambiente que mesclava o campo e a educa\u00e7\u00e3o, desenvolvendo desde cedo um esp\u00edrito de lideran\u00e7a e engajamento com a sua comunidade.</h2>\r\n<h2 class=\"mceContentBody documentContent template-folder_tabular_view portaltype-folder site-portal section-processo-legislativo subsection-parlamentares icons-on userrole-authenticated userrole-site administrator userrole-member userrole-manager userrole-editor userrole-reader userrole-contributor userrole-reviewer\">\u00a0</h2>\r\n<h2 class=\"mceContentBody documentContent template-folder_tabular_view portaltype-folder site-portal section-processo-legislativo subsection-parlamentares icons-on userrole-authenticated userrole-site administrator userrole-member userrole-manager userrole-editor userrole-reader userrole-contributor userrole-reviewer\">Seus primeiros estudos foram realizados no Jardim de Inf\u00e2ncia Gambeta Periss\u00ea, prosseguindo com o ensino fundamental na Escola Estadual Almirante Bar\u00e3o de Teff\u00e9 e o ensino m\u00e9dio no Col\u00e9gio Estadual Rui Guimar\u00e3es de Almeida (CERGA). Em sede de ensino superior, Ralph concluiu sua forma\u00e7\u00e3o em Direito pela Faculdade de Santo Antonio de P\u00e1dua \u2013 FASAP; consolidando, assim, toda base educacional na sua cidade natal.</h2>\r\n<h2 class=\"mceContentBody documentContent template-folder_tabular_view portaltype-folder site-portal section-processo-legislativo subsection-parlamentares icons-on userrole-authenticated userrole-site administrator userrole-member userrole-manager userrole-editor userrole-reader userrole-contributor userrole-reviewer\">\u00a0</h2>\r\n<h2 class=\"mceContentBody documentContent template-folder_tabular_view portaltype-folder site-portal section-processo-legislativo subsection-parlamentares icons-on userrole-authenticated userrole-site administrator userrole-member userrole-manager userrole-editor userrole-reader userrole-contributor userrole-reviewer\">As hist\u00f3rias de seu av\u00f4, Jos\u00e9 Kezen \u2013 um dos pol\u00edticos mais influentes do Estado do Rio de Janeiro, e a participa\u00e7\u00e3o nas campanhas pol\u00edticas de seu tio, Elias Camilo Jorge \u2013 Deputado Estadual e Vice-Prefeito; inspiraram, influenciaram e motivaram Ralph a ingressar na vida p\u00fablica em 2001, aos 25 anos, iniciando uma trajet\u00f3ria marcada por dedica\u00e7\u00e3o e conquistas.</h2>\r\n<h2 class=\"mceContentBody documentContent template-folder_tabular_view portaltype-folder site-portal section-processo-legislativo subsection-parlamentares icons-on userrole-authenticated userrole-site administrator userrole-member userrole-manager userrole-editor userrole-reader userrole-contributor userrole-reviewer\">\u00a0</h2>\r\n<h2 class=\"mceContentBody documentContent template-folder_tabular_view portaltype-folder site-portal section-processo-legislativo subsection-parlamentares icons-on userrole-authenticated userrole-site administrator userrole-member userrole-manager userrole-editor userrole-reader userrole-contributor userrole-reviewer\">Ralph exerceu dois mandatos como vereador, sendo eleito pela primeira vez pelo PSB, com 653 votos e, no segundo mandato, pelo PMDB, com expressivos 1.293 votos.</h2>\r\n<h2 class=\"mceContentBody documentContent template-folder_tabular_view portaltype-folder site-portal section-processo-legislativo subsection-parlamentares icons-on userrole-authenticated userrole-site administrator userrole-member userrole-manager userrole-editor userrole-reader userrole-contributor userrole-reviewer\">\u00a0</h2>\r\n<h2 class=\"mceContentBody documentContent template-folder_tabular_view portaltype-folder site-portal section-processo-legislativo subsection-parlamentares icons-on userrole-authenticated userrole-site administrator userrole-member userrole-manager userrole-editor userrole-reader userrole-contributor userrole-reviewer\">Durante seu per\u00edodo na C\u00e2mara Municipal, destacou-se pela defesa de projetos voltados ao progresso da cidade e ao bem-estar de sua popula\u00e7\u00e3o.\u00a0 No per\u00edodo de 2005 - 2007 foi membro do Conselho de Alimenta\u00e7\u00e3o Escolar - (CAE); membro efetivo do Conselho Municipal de Educa\u00e7\u00e3o, membro efetivo do Conselho Municipal de Desenvolvimento Rural (CMDR) e representante oficial da C\u00e2mara de Vereadores de P\u00e1dua na Associa\u00e7\u00e3o de Vereadores e C\u00e2maras Municipais do Estado do Rio de Janeiro (AVECMERJ).</h2>\r\n<h2 class=\"mceContentBody documentContent template-folder_tabular_view portaltype-folder site-portal section-processo-legislativo subsection-parlamentares icons-on userrole-authenticated userrole-site administrator userrole-member userrole-manager userrole-editor userrole-reader userrole-contributor userrole-reviewer\">\u00a0</h2>\r\n<h2 class=\"mceContentBody documentContent template-folder_tabular_view portaltype-folder site-portal section-processo-legislativo subsection-parlamentares icons-on userrole-authenticated userrole-site administrator userrole-member userrole-manager userrole-editor userrole-reader userrole-contributor userrole-reviewer\">Ao lado do prefeito Nando em seus dois primeiros mandatos como Vereador, Ralph trabalhou para constru\u00e7\u00e3o de 20 casas populares \u2013 Projeto PADEM (recursos estaduais) e 27 casas populares (Caixa Econ\u00f4mica Federal), no distrito de Campelo, todas em parceria com o Governo Municipal, entregues \u00e0 popula\u00e7\u00e3o no dia 09/07/2007.</h2>\r\n<h2 class=\"mceContentBody documentContent template-folder_tabular_view portaltype-folder site-portal section-processo-legislativo subsection-parlamentares icons-on userrole-authenticated userrole-site administrator userrole-member userrole-manager userrole-editor userrole-reader userrole-contributor userrole-reviewer\">\u00a0</h2>\r\n<h2 class=\"mceContentBody documentContent template-folder_tabular_view portaltype-folder site-portal section-processo-legislativo subsection-parlamentares icons-on userrole-authenticated userrole-site administrator userrole-member userrole-manager userrole-editor userrole-reader userrole-contributor userrole-reviewer\">Foi presidente da Comiss\u00e3o de Justi\u00e7a e Reda\u00e7\u00e3o (2001\u20132002 e 2005\u20132006), 2\u00ba Secret\u00e1rio (2003\u20132004), 1\u00ba Secret\u00e1rio (2006) e presidente da C\u00e2mara dos Vereadores em 2007.\u00a0 Nesse \u00faltimo cargo, liderou a publica\u00e7\u00e3o do livro \"A Casa de Visconde Figueira\", que resgatou a mem\u00f3ria dos vereadores paduanos.</h2>\r\n<h2 class=\"mceContentBody documentContent template-folder_tabular_view portaltype-folder site-portal section-processo-legislativo subsection-parlamentares icons-on userrole-authenticated userrole-site administrator userrole-member userrole-manager userrole-editor userrole-reader userrole-contributor userrole-reviewer\">\u00a0</h2>\r\n<h2 class=\"mceContentBody documentContent template-folder_tabular_view portaltype-folder site-portal section-processo-legislativo subsection-parlamentares icons-on userrole-authenticated userrole-site administrator userrole-member userrole-manager userrole-editor userrole-reader userrole-contributor userrole-reviewer\">Paralelamente \u00e0 sua atua\u00e7\u00e3o pol\u00edtica, Ralph demonstrou paix\u00e3o pelo esporte, especialmente o futebol, onde foi um grande incentivador e organizador.</h2>\r\n<h2 class=\"mceContentBody documentContent template-folder_tabular_view portaltype-folder site-portal section-processo-legislativo subsection-parlamentares icons-on userrole-authenticated userrole-site administrator userrole-member userrole-manager userrole-editor userrole-reader userrole-contributor userrole-reviewer\">\u00a0</h2>\r\n<h2 class=\"mceContentBody documentContent template-folder_tabular_view portaltype-folder site-portal section-processo-legislativo subsection-parlamentares icons-on userrole-authenticated userrole-site administrator userrole-member userrole-manager userrole-editor userrole-reader userrole-contributor userrole-reviewer\">Nesta linha de explorar novos meios de est\u00edmulo ao esporte, indicou \u00e0 Secretaria Municipal de Educa\u00e7\u00e3o o seu anseio pelo retorno dos jogos estudantis, ideia esta que foi prontamente acolhida pela ent\u00e3o Secret\u00e1ria de Educa\u00e7\u00e3o, a Professora Vera L\u00facia Kezen Camilo Jorge, com o dinamismo e prestatividade que lhe era peculiar. Em 2007, portanto, estavam de volta os Jogos Estudantis de Santo Ant\u00f4nio de P\u00e1dua - JESAP.</h2>\r\n<h2 class=\"mceContentBody documentContent template-folder_tabular_view portaltype-folder site-portal section-processo-legislativo subsection-parlamentares icons-on userrole-authenticated userrole-site administrator userrole-member userrole-manager userrole-editor userrole-reader userrole-contributor userrole-reviewer\">\u00a0</h2>\r\n<h2 class=\"mceContentBody documentContent template-folder_tabular_view portaltype-folder site-portal section-processo-legislativo subsection-parlamentares icons-on userrole-authenticated userrole-site administrator userrole-member userrole-manager userrole-editor userrole-reader userrole-contributor userrole-reviewer\">Ralph foi ainda coordenador da equipe paduana na II Copa Serra de Futsal e liderou a sele\u00e7\u00e3o de P\u00e1dua no Campeonato Estadual de Sele\u00e7\u00f5es Amadoras de Futebol em 2004, culminando na conquista do t\u00edtulo de campe\u00f5es da regi\u00e3o Noroeste. Tamb\u00e9m presidiu a Associa\u00e7\u00e3o Atl\u00e9tica Paduana, que participou da Copa Brasil de Futebol Sub-20 em 2003. Sua lideran\u00e7a como coordenador da Associa\u00e7\u00e3o Atl\u00e9tica de Campelo levou o time a conquistar o campeonato municipal na categoria principal. Em 2001, esteve na comiss\u00e3o organizadora da sede de Santo Ant\u00f4nio de P\u00e1dua na Copa Brasil de Futebol Sub-17, reafirmando seu compromisso com o desenvolvimento esportivo local.</h2>\r\n<h2 class=\"mceContentBody documentContent template-folder_tabular_view portaltype-folder site-portal section-processo-legislativo subsection-parlamentares icons-on userrole-authenticated userrole-site administrator userrole-member userrole-manager userrole-editor userrole-reader userrole-contributor userrole-reviewer\">\u00a0</h2>\r\n<h2 class=\"mceContentBody documentContent template-folder_tabular_view portaltype-folder site-portal section-processo-legislativo subsection-parlamentares icons-on userrole-authenticated userrole-site administrator userrole-member userrole-manager userrole-editor userrole-reader userrole-contributor userrole-reviewer\">Em 2008, Ralph foi eleito vice-prefeito na chapa de Jos\u00e9 Renato Fonseca Padilha, sendo, um ano depois de sua investidura no cargo, agraciado com a medalha do M\u00e9rito Legislativo <i>Depu</i><i>tado Jos</i><i>\u00e9 Kezen</i><i>,</i> por iniciativa do vereador Waldir Neto Pacheco Ferreira, com reconhecimento p\u00fablico pelos relevantes servi\u00e7os prestados ao desenvolvimento e grandeza do Munic\u00edpio. Ainda em 2009, a APLAC (Academia Paduana de Artes, Letras e Ci\u00eancias), concedeu diploma de Benem\u00e9rito, por suas significativas contribui\u00e7\u00f5es realizadas. Ralph exerceu o cargo de vice-prefeito at\u00e9 2012, com uma atua\u00e7\u00e3o marcada pela busca de melhorias para a cidade.</h2>\r\n<h2 class=\"mceContentBody documentContent template-folder_tabular_view portaltype-folder site-portal section-processo-legislativo subsection-parlamentares icons-on userrole-authenticated userrole-site administrator userrole-member userrole-manager userrole-editor userrole-reader userrole-contributor userrole-reviewer\">\u00a0</h2>\r\n<h2 class=\"mceContentBody documentContent template-folder_tabular_view portaltype-folder site-portal section-processo-legislativo subsection-parlamentares icons-on userrole-authenticated userrole-site administrator userrole-member userrole-manager userrole-editor userrole-reader userrole-contributor userrole-reviewer\">Ap\u00f3s este per\u00edodo, dedicou-se \u00e0 articula\u00e7\u00e3o de parcerias com o Estado e a Uni\u00e3o, visando consolidar inova\u00e7\u00f5es e solu\u00e7\u00f5es para infraestrutura, sa\u00fade e desenvolvimento urbano de Santo Ant\u00f4nio de P\u00e1dua. Vale ressaltar que, a parceria com lideran\u00e7as pol\u00edticas do Estado, viabilizou o acesso ao Hospital do Olho no munic\u00edpio de Duque de Caxias, beneficiando in\u00fameras fam\u00edlias da nossa cidade, com a realiza\u00e7\u00e3o de exames e cirurgias.</h2>\r\n<h2 class=\"mceContentBody documentContent template-folder_tabular_view portaltype-folder site-portal section-processo-legislativo subsection-parlamentares icons-on userrole-authenticated userrole-site administrator userrole-member userrole-manager userrole-editor userrole-reader userrole-contributor userrole-reviewer\">\u00a0</h2>\r\n<h2 class=\"mceContentBody documentContent template-folder_tabular_view portaltype-folder site-portal section-processo-legislativo subsection-parlamentares icons-on userrole-authenticated userrole-site administrator userrole-member userrole-manager userrole-editor userrole-reader userrole-contributor userrole-reviewer\">Ralph Kezen, com seu \u00edmpeto cont\u00ednuo de trazer o melhor para o nosso munic\u00edpio, lutou e incentivou a Prefeitura de P\u00e1dua aderir ao <i>CIDENNF </i>(Cons\u00f3rcio P\u00fablico Intermunicipal de Desenvolvimento do Norte e Noroeste Fluminense).</h2>\r\n<h2 class=\"mceContentBody documentContent template-folder_tabular_view portaltype-folder site-portal section-processo-legislativo subsection-parlamentares icons-on userrole-authenticated userrole-site administrator userrole-member userrole-manager userrole-editor userrole-reader userrole-contributor userrole-reviewer\">\u00a0</h2>\r\n<h2 class=\"mceContentBody documentContent template-folder_tabular_view portaltype-folder site-portal section-processo-legislativo subsection-parlamentares icons-on userrole-authenticated userrole-site administrator userrole-member userrole-manager userrole-editor userrole-reader userrole-contributor userrole-reviewer\">No ano de 2024, empenhou esfor\u00e7os em sua campanha para a Verean\u00e7a de Santo Ant\u00f4nio de P\u00e1dua juntamente com seu time, apresentando solu\u00e7\u00f5es e logrando sucesso em suas rela\u00e7\u00f5es com o povo paduano, sagrando-se Vereador eleito com 857 votos, o quinto mais votado, para o mandato de 2025 a 2028.</h2>\r\n<h2 class=\"mceContentBody documentContent template-folder_tabular_view portaltype-folder site-portal section-processo-legislativo subsection-parlamentares icons-on userrole-authenticated userrole-site administrator userrole-member userrole-manager userrole-editor userrole-reader userrole-contributor userrole-reviewer\">\u00a0</h2>\r\n<h2 class=\"mceContentBody documentContent template-folder_tabular_view portaltype-folder site-portal section-processo-legislativo subsection-parlamentares icons-on userrole-authenticated userrole-site administrator userrole-member userrole-manager userrole-editor userrole-reader userrole-contributor userrole-reviewer\">No dia 1\u00ba de janeiro de 2025, tomou posse como Vereador e 1\u00ba Secret\u00e1rio da C\u00e2mara Municipal de Santo Ant\u00f4nio de P\u00e1dua.</h2>\r\n<h2 class=\"mceContentBody documentContent template-folder_tabular_view portaltype-folder site-portal section-processo-legislativo subsection-parlamentares icons-on userrole-authenticated userrole-site administrator userrole-member userrole-manager userrole-editor userrole-reader userrole-contributor userrole-reviewer\">\u00a0</h2>\r\n<h2 class=\"mceContentBody documentContent template-folder_tabular_view portaltype-folder site-portal section-processo-legislativo subsection-parlamentares icons-on userrole-authenticated userrole-site administrator userrole-member userrole-manager userrole-editor userrole-reader userrole-contributor userrole-reviewer\">Ralph Kezen Leite, com sua incans\u00e1vel postura em prol do melhor para o povo paduano, serve \u00e0 pol\u00edtica com carisma, compromisso e resultado, buscando progresso e evolu\u00e7\u00e3o para o seu munic\u00edpio. O Vereador destaca-se pela vis\u00e3o estrat\u00e9gica, amor pelo esporte, pela educa\u00e7\u00e3o e, sobretudo, primando pela sa\u00fade e desenvolvimento da comunidade paduana.</h2>\r\n<h2 class=\"mceContentBody documentContent template-folder_tabular_view portaltype-folder site-portal section-processo-legislativo subsection-parlamentares icons-on userrole-authenticated userrole-site administrator userrole-member userrole-manager userrole-editor userrole-reader userrole-contributor userrole-reviewer\">\u00a0</h2>\r\n<h2 class=\"mceContentBody documentContent template-folder_tabular_view portaltype-folder site-portal section-processo-legislativo subsection-parlamentares icons-on userrole-authenticated userrole-site administrator userrole-member userrole-manager userrole-editor userrole-reader userrole-contributor userrole-reviewer\"><span>Eleito pelo Partido Movimento Democr\u00e1tico Brasileiro - MDB</span></h2>", 
            "email": "ralphkezen@santoantoniodepadua.rj.leg.br", 
            "full_name": "Ralph Kezen Leite", 
            "image": {
                "filename": "Ralph Kezen Leite.jpeg", 
                "size": 114155, 
                "uri": "https://www.santoantoniodepadua.rj.leg.br/processo-legislativo/parlamentares/ralph-kezen/@@downloads/Ralph Kezen Leite.jpeg"
            }, 
            "party_affiliation": [
                {
                    "date_affiliation": "2025-01-01", 
                    "date_disaffiliation": "2028-12-31", 
                    "party": "Eleito pelo Partido Movimento Democr\u00e1tico Brasileiro - MDB"
                }
            ], 
            "postal_code": "28470000", 
            "site": "", 
            "telephone": "22998001747", 
            "title": "Ralph Kezen", 
            "uri": "https://www.santoantoniodepadua.rj.leg.br/processo-legislativo/parlamentares/ralph-kezen"
        }, 
        {
            "address": "Santo Ant\u00f4nio de P\u00e1dua-RJ", 
            "birthday": "1963-06-02", 
            "description": "<h2>Elton Amaral Brum, nascido no dia 30/06/1963 na localidade de Boa Nova no quinto distrito da cidade de Santo Ant\u00f4nio de P\u00e1dua RJ. estudou na escola Jo\u00e3o Maur\u00edcio Brum em Boa Nova, aos nove anos mudou-se para o Rio de Janeiro, aos onze anos mudou-se para S\u00e3o Pedro de Alc\u00e2ntara onde vive at\u00e9 hoje. Estudou na escola Antonio Teixeira Jardim onde terminou o prim\u00e1rio. Aos treze largou os est\u00fadios e foi trabalhar com o pai na extra\u00e7\u00e3o de pedra como chiqueiro, dez anos ap\u00f3s deixou essa profiss\u00e3o e foi trabalhar de motorista de transporte. Trabalhou nas empresas: comercial tangara, AG Sim\u00f5es e como transporte aut\u00f4nomo.</h2>\r\n<h2>\u00a0</h2>\r\n<h2>Gerencial posto de combust\u00edvel e foi gerente de transporte do comercial tangar\u00e1.</h2>\r\n<h2>De 2001 a 2010 atuou como ministro da sagrada comunh\u00e3o na capela de S\u00e3o Pedro.</h2>\r\n<h2>No esporte atuou como goleiro.</h2>\r\n<h2>Em 2009 fundou a associa\u00e7\u00e3o de moradores de S\u00e3o Pedro de Alc\u00e2ntara onde presidente por 4 anos.</h2>\r\n<h2>Em 2012 concorreu pela primeira vez a uma cadeira no legislativo municipal e foi eleito com 821 votos sendo o segundo mais votado do partido e o nono mais votado do munic\u00edpio.</h2>\r\n<h2>\u00a0</h2>\r\n<h2>Eleito pelo Partido Democr\u00e1tico Trabalhista - PDT\u00a0</h2>", 
            "email": "eltinhobrum@santoantoniodepadua.rj.leg.br", 
            "full_name": "Elton Amaral Brum", 
            "image": {
                "filename": "ELTON AMARAL BRUM.jpg", 
                "size": 9547, 
                "uri": "https://www.santoantoniodepadua.rj.leg.br/processo-legislativo/parlamentares/eltinho-brum/@@downloads/ELTON AMARAL BRUM.jpg"
            }, 
            "party_affiliation": [
                {
                    "date_affiliation": "2025-01-01", 
                    "date_disaffiliation": "2028-12-31", 
                    "party": "Eleito pelo Partido Democr\u00e1tico Trabalhista - PDT"
                }
            ], 
            "postal_code": "28470000", 
            "site": "", 
            "telephone": "22998001747", 
            "title": "Eltinho Brum", 
            "uri": "https://www.santoantoniodepadua.rj.leg.br/processo-legislativo/parlamentares/eltinho-brum"
        }, 
        {
            "address": "Santo Ant\u00f4nio de P\u00e1dua-RJ", 
            "birthday": "1972-03-18", 
            "description": "<h2>S\u00e9rgio da Silva Caires, conhecido como Serginho Caires, nasceu em 18 de mar\u00e7o de 1972, em Volta Redonda-RJ. Aos 17 anos, mudou-se com seus pais para Boa Nova, no Quinto Distrito de Santo Ant\u00f4nio de P\u00e1dua-RJ. Filho de Jaime Mello de Caires (Jaime do Campo) e Dalva da Silva Caires, tem dois irm\u00e3os, Dalmir e Rudney. Casado com Sidirlea Granja de Andrade Caires, tem dois filhos, Christian e Ayra.</h2>\r\n<h2>\u00a0</h2>\r\n<h2>Desde jovem, demonstrou grande dedica\u00e7\u00e3o ao trabalho. Come\u00e7ou como ajudante de motorista na pedreira Marconi Ind\u00fastria de Pedras Decorativas, sendo rapidamente promovido a motorista, onde aprimorou suas habilidades. Em 2006, ingressou na empresa Inprol como motorista, sendo promovido a gerente operacional em 2012.</h2>\r\n<h2>\u00a0</h2>\r\n<h2>Em 2020, motivado pela aus\u00eancia de uma lideran\u00e7a que representasse o Quinto Distrito de forma mais plural, decidiu se candidatar a vereador. Com uma campanha transparente e honesta, foi eleito com 395 votos e reeleito em 2024 com 721 votos. Como vereador, tem se dedicado a melhorar a qualidade de vida da popula\u00e7\u00e3o paduana, atuando em \u00e1reas como sa\u00fade, educa\u00e7\u00e3o, esporte, lazer, transporte, infraestrutura urbana e rural, e seguran\u00e7a p\u00fablica.</h2>\r\n<h2>\u00a0</h2>\r\n<h2>Serginho Caires acredita no poder do trabalho e do compromisso com a comunidade. Seu lema \u00e9: \u201cSou uma pessoa que luto pelo que acredito. Dedico-me ao m\u00e1ximo ao realizar minhas atividades e, enquanto for vereador, vou sempre olhar para todos, mas com aten\u00e7\u00e3o especial para aqueles que mais necessitam do poder p\u00fablico. Vim do povo e pelo povo vou continuar e por ele quero exercer o meu mandato.\u201d</h2>\r\n<h2><span>Eleito pelo Partido Liberal \u2013 PL</span></h2>", 
            "email": "serginhocaires@santoantoniodepadua.rj.leg.br", 
            "full_name": "Sergio da Silva Caires", 
            "image": {
                "filename": "SERGIO DA SILVA CAIRES.jpg", 
                "size": 9536, 
                "uri": "https://www.santoantoniodepadua.rj.leg.br/processo-legislativo/parlamentares/serginho-caires/@@downloads/SERGIO DA SILVA CAIRES.jpg"
            }, 
            "party_affiliation": [
                {
                    "date_affiliation": "2025-01-01", 
                    "date_disaffiliation": "2028-12-31", 
                    "party": "Eleito pelo Partido Liberal \u2013 PL"
                }
            ], 
            "postal_code": "28470000", 
            "site": "", 
            "telephone": "22998001747", 
            "title": "Serginho Caires", 
            "uri": "https://www.santoantoniodepadua.rj.leg.br/processo-legislativo/parlamentares/serginho-caires"
        }, 
        {
            "address": "Centro, Santo Ant\u00f4nio de P\u00e1dua", 
            "birthday": "1968-08-03", 
            "description": "<h2>Nome Completo: Vanderl\u00e9ia Marques Franco Souza</h2>\r\n<h2>\u00a0</h2>\r\n<h2>Vanderl\u00e9ia Marques Franco Souza nasceu em 3 de agosto de 1968, no interior do Rio de Janeiro, como a ca\u00e7ula de sete filhos. Desde a inf\u00e2ncia, ela enfrentou dificuldades, como a luta da m\u00e3e para sustentar a fam\u00edlia e a falta de recursos. Apesar das adversidades, Vanderl\u00e9ia se dedicou aos estudos e se formou no Ensino M\u00e9dio e posteriormente no Ensino Superior, sendo a primeira e \u00fanica na fam\u00edlia a alcan\u00e7ar essa conquista.</h2>\r\n<h2>\u00a0</h2>\r\n<h2>Em 1986, casou-se com Elizamar (Bida) e passou a construir sua fam\u00edlia em Santo Ant\u00f4nio de P\u00e1dua, onde teve tr\u00eas filhos. Iniciou sua carreira na vida p\u00fablica em 1989 como funcion\u00e1ria na Secretaria de Promo\u00e7\u00e3o Social da Prefeitura, onde atuou por mais de duas d\u00e9cadas. Durante esse per\u00edodo, ocupou cargos importantes, incluindo subsecret\u00e1ria de Assist\u00eancia Social.</h2>\r\n<h2>\u00a0</h2>\r\n<h2>Em 2010, aceitou o desafio de ser subsecret\u00e1ria de Sa\u00fade, o que ampliou suas contribui\u00e7\u00f5es para a comunidade. Sua lideran\u00e7a tamb\u00e9m se estendeu \u00e0 Igreja Metodista Central, onde coordenou o Minist\u00e9rio de A\u00e7\u00e3o Social e criou o projeto \"Arte e Vida\", que ofereceu cursos profissionalizantes \u00e0 comunidade.</h2>\r\n<h2>\u00a0</h2>\r\n<h2>Vanderl\u00e9ia foi eleita vereadora pela primeira vez em 2012. Em 2014, tornou-se presidente da C\u00e2mara Municipal, sendo reeleita para o cargo em 2016 e novamente agora em 2024, destacando-se como a \u00fanica mulher atualmente a ocupar essa posi\u00e7\u00e3o em Santo Ant\u00f4nio de P\u00e1dua. Durante sua trajet\u00f3ria pol\u00edtica, foi campe\u00e3 em projetos de lei e promoveu a cria\u00e7\u00e3o do Instituto Hist\u00f3rico com a escultura e homenagem a Visconde Figueira.</h2>\r\n<h2>\u00a0</h2>\r\n<h2>Comprometida com o progresso da sua cidade, Vanderl\u00e9ia \u00e9 reconhecida por sua dedica\u00e7\u00e3o e experi\u00eancia em busca de melhorias para Santo Ant\u00f4nio de P\u00e1dua. Atrav\u00e9s de seu trabalho incans\u00e1vel e abordagem comunit\u00e1ria, ela continua a contribuir para o desenvolvimento do munic\u00edpio e neste novo mandato estar\u00e1 atuando junto aos governantes estaduais e federais para colocar Santo Ant\u00f4nio de P\u00e1dua no mapa dos melhores recursos para alavancar o munic\u00edpio e seus cidad\u00e3os.</h2>", 
            "email": "vanderleiamarques@santoantoniodepadua.rj.leg.br", 
            "full_name": "Vanderl\u00e9ia Marques Franco Souza", 
            "image": {
                "filename": "cf307530-1639-4163-bae2-96a4a46c229b.jpeg", 
                "size": 4200, 
                "uri": "https://www.santoantoniodepadua.rj.leg.br/processo-legislativo/parlamentares/vanderleia-marques-1/@@downloads/cf307530-1639-4163-bae2-96a4a46c229b.jpeg"
            }, 
            "party_affiliation": [
                {
                    "date_affiliation": "2025-01-01", 
                    "date_disaffiliation": "2028-12-31", 
                    "party": "Eleito pelo Partido SOLIDARIEDADE"
                }
            ], 
            "postal_code": "28470000", 
            "site": "", 
            "telephone": "(22) 98127-1787", 
            "title": "Vanderl\u00e9ia Marques", 
            "uri": "https://www.santoantoniodepadua.rj.leg.br/processo-legislativo/parlamentares/vanderleia-marques-1"
        }, 
        {
            "address": "Rua Capit\u00e3o Cardoso, s/n\u00ba", 
            "birthday": "1934-02-01", 
            "description": "<h2>Nome completo: Alessandro Ferreira de Macedo</h2>\r\n<h2>Biografia:\u00a0</h2>\r\n<h2>Mais conhecido como Alessandro Macarr\u00e3o, nascido em 1978, na cidade de Santo Ant\u00f4nio de P\u00e1dua. Filho de Adenir de Macedo e Marlene Ferreira. Casado com Keila Maria Bernardo Macedo e pai de dois filhos, Maria Roberta e Thiago (filho de cora\u00e7\u00e3o). Aluno em escola p\u00fablica, come\u00e7ou a trabalhar muito cedo na \u00e1rea das pedras, onde trabalha at\u00e9 hoje, agora como empres\u00e1rio. Em 2024 foi a primeira vez que se candidatou para vereador, e no dia 1 de janeiro de 2025 tomou posse do seu mandato. Ir\u00e1 trabalhar pelo povo e para o povo.\u00a0</h2>\r\n<h2>\u00a0</h2>\r\n<h2><strong><span>Eleito pelo Partido Renova\u00e7\u00e3o Democr\u00e1tica PRD</span></strong></h2>\r\n<p>\u00a0</p>", 
            "email": "alessandromacedo@santoantoniodepadua.rj.leg.br", 
            "full_name": "Alessandro Ferreira de Macedo", 
            "image": {
                "filename": "Alessandro Macarr\u00e3o.jpeg", 
                "size": 194931, 
                "uri": "https://www.santoantoniodepadua.rj.leg.br/processo-legislativo/parlamentares/alessandro-macarrao/@@downloads/Alessandro Macarr\u00e3o.jpeg"
            }, 
            "party_affiliation": [
                {
                    "date_affiliation": "2025-01-01", 
                    "date_disaffiliation": "2028-12-31", 
                    "party": "Eleito pelo Partido Renova\u00e7\u00e3o Democr\u00e1tica PRD"
                }
            ], 
            "postal_code": "28470000", 
            "site": "", 
            "telephone": "(22)981396360", 
            "title": "Alessandro Macarr\u00e3o", 
            "uri": "https://www.santoantoniodepadua.rj.leg.br/processo-legislativo/parlamentares/alessandro-macarrao"
        }, 
        {
            "address": "RUA JOAO MONTEIRO   S/N SANTA CRUZ...3\u00ba DISTRITO", 
            "birthday": "1973-03-24", 
            "description": "<p style=\"text-align: justify; \">\u00a0</p>\r\n<h2>NOME COMPLETO:\u00a0 LUCIANO ARRUDA BLANC</h2>\r\n<h2>\u00a0 \u00a0 \u00a0 \u00a0 \u00a0 HISTORIA (BIOGRAFIA): NASCIDO E CRIADO NO DISTRITO DE SANTA CRUZ, ONDE TRABALHOU DESDE NOVO NA ZONA RURAL E NA PEDRA COMO CABUQUEIRO, CASADO COM ELISA JUBIM, PAI DE 2 FILHOS (1 J\u00c1 CASADO) OUTRO ESTUDANDO EM BUSCA DE ALCANCAR SEU OBJETIVO. SE MANIFESTOU PARA A VOCA\u00c7AO POLITICA PARA AJUDAR A POPULACAO CARENTE, ONDE J\u00c1 VINHA DESEMPENHANO ESSA FUN\u00c7\u00c3O MESMO AINDA N\u00c3O SENDO ELEITO PELA POPULA\u00c7AO NAS URNAS. E HJ. ELEITO COM UM NUMERO BASTANTE EXPRESSIVO SE COMPROMETE A CONTINUAR LUTANDO, FISCALIZANDO E AJUDANDO A POPULA\u00c7\u00c3O JUNTO NA CAMARA MUNICIPAL DESTE MUNICIPIO.\u00a0\u00a0</h2>\r\n<h2>\u00a0</h2>\r\n<h2><span>Eleito pelo Partido da Social Democracia Brasileira - PSDB</span></h2>", 
            "email": "lucianoblanc@santoantoniodepadua.rj.leg.br", 
            "full_name": "Luciano Arruda Blanc", 
            "image": {
                "filename": "08af3212-ff19-4410-abed-7a8f85d96f29.jpeg", 
                "size": 7439, 
                "uri": "https://www.santoantoniodepadua.rj.leg.br/processo-legislativo/parlamentares/baleia-da-santa-cruz/@@downloads/08af3212-ff19-4410-abed-7a8f85d96f29.jpeg"
            }, 
            "party_affiliation": [
                {
                    "date_affiliation": "2025-01-01", 
                    "date_disaffiliation": "2028-12-31", 
                    "party": "Eleito pelo Partido da Social Democracia Brasileira - PSDB"
                }
            ], 
            "postal_code": "28470000", 
            "site": "", 
            "telephone": "22 992739479", 
            "title": "Baleia da Santa Cruz", 
            "uri": "https://www.santoantoniodepadua.rj.leg.br/processo-legislativo/parlamentares/baleia-da-santa-cruz"
        }, 
        {
            "address": "Santo Ant\u00f4nio de P\u00e1dua-RJ", 
            "birthday": "1975-05-20", 
            "description": "<h2 style=\"text-align: justify; \">Luiz Carlos da Silva , conhecido como Torinho , \u00e9 vereador do munic\u00edpio de Santo Ant\u00f4nio de P\u00e1dua, estado do Rio de Janeiro. Brasileiro, nasceu em Santo Ant\u00f4nio de P\u00e1dua-RJ, no dia 20 de Maio\u00a0 de 1975, filho de Maria de Lurdes Barrados Silva e Jos\u00e9 Silva, pai de\u00a0 Jorge Lu\u00eds marinho da Silva .Atualmente, reside no\u00a0 bairro dezessete Santo Ant\u00f4nio de P\u00e1dua . Est\u00e1 exercendo seu\u00a0 quarto mandato como vereador, demonstrando forte atua\u00e7\u00e3o junto \u00e0 comunidade e compromisso com as demandas da popula\u00e7\u00e3o paduana. Em 2021 foi presidente da C\u00e2mara Municipal de Santo Ant\u00f4nio de P\u00e1dua-RJ pela primeira vez ,retornou ao cargo\u00a0 de presidente da c\u00e2mara em 2024 ,em que se destacou pela condu\u00e7\u00e3o transparente e participativa dos trabalhos legislativos. Com uma atua\u00e7\u00e3o firme e voltada ao bem coletivo, Luis Carlos da Silva (Torinho)segue construindo um mandato pautado pelo di\u00e1logo, responsabilidade e proximidade com a popula\u00e7\u00e3o.</h2>\r\n<h2>Eleito pelo Partido Movimento Democr\u00e1tico Brasileiro - MDB</h2>", 
            "email": "luiscarlos@santoantoniodepadua.rj.leg.br", 
            "full_name": "Luiz Carlos da Silva", 
            "image": {
                "filename": "LUIS CARLOS DA SILVA.jpg", 
                "size": 8298, 
                "uri": "https://www.santoantoniodepadua.rj.leg.br/processo-legislativo/parlamentares/tourinho/@@downloads/LUIS CARLOS DA SILVA.jpg"
            }, 
            "party_affiliation": [
                {
                    "date_affiliation": "1934-01-01", 
                    "date_disaffiliation": "2028-12-31", 
                    "party": "Eleito pelo Partido Movimento Democr\u00e1tico Brasileiro - MDB"
                }
            ], 
            "postal_code": "28470000", 
            "site": "", 
            "telephone": "(22) 9.9800-1747", 
            "title": "Tourinho", 
            "uri": "https://www.santoantoniodepadua.rj.leg.br/processo-legislativo/parlamentares/tourinho"
        }, 
        {
            "address": "Santo Ant\u00f4nio de P\u00e1dua-RJ", 
            "birthday": "1975-01-03", 
            "description": "<h2 style=\"text-align: justify; \">BIOGRAFIA</h2>\r\n<h2 style=\"text-align: justify; \">VEREADOR OZIEL RODRIGUES DE MAGALH\u00c3ES</h2>\r\n<h2 style=\"text-align: justify; \">\u00a0</h2>\r\n<h2 style=\"text-align: justify; \">Oziel Rodrigues de Magalh\u00e3es, nasceu em Nova Igua\u00e7u, no Rio de Janeiro, em 03 de janeiro de 1975. Filho de Manoel Assis Magalh\u00e3es e de Matilde Rodrigues Magalh\u00e3es, mudou-se para a cidade de Santo Ant\u00f4nio de P\u00e1dua aos 5 anos de idade, fixando sua resid\u00eancia no Distrito de Monte Alegre, onde j\u00e1 residia seus av\u00f3s paternos.</h2>\r\n<h2 style=\"text-align: justify; \">Casado h\u00e1 24 anos com Lia M\u00e1rcia Carreiro Magalh\u00e3es, pai de Ana Paula Carreiro Magalh\u00e3es e Ana Carolina Carreiro Magalh\u00e3es, mant\u00e9m sua conduta baseada nos fundamentos da palavra de Deus, como foi lhe ensinado desde a sua inf\u00e2ncia por todos seus familiares.</h2>\r\n<h2 style=\"text-align: justify; \">Ao longo da sua vida, trabalhou como caminhoneiro durante 25 anos, passando a se interessar pela pol\u00edtica observando os passos de seu tio Carlos Campos Magalh\u00e3es, que esteve vereador por 4 mandatos neste Munic\u00edpio, onde o incentivou e o apoiou desde o in\u00edcio da sua trajet\u00f3ria pol\u00edtica.</h2>\r\n<h2 style=\"text-align: justify; \">No ano de 2012, Oziel Rodrigues de Magalh\u00e3es, concorreu a sua primeira elei\u00e7\u00e3o, onde obteve expressos 465 votos, ficando como primeiro suplente.\u00a0 Posteriormente, em 2016, obteve 469 votos, ficando novamente como suplente e enfim 2020, onde eleito vereador com expressos 517 votos, ocupando finalmente uma cadeira na Mesa de Vereadores na C\u00e2mara Municipal de Santo Ant\u00f4nio de P\u00e1dua, e reeleito em 2025 com 860 votos.</h2>\r\n<h2 style=\"text-align: justify; \"></h2>\r\n<h2 style=\"text-align: justify; \"><span>Eleito pelo Partido Renova\u00e7\u00e3o Democr\u00e1tica PRD</span></h2>", 
            "email": "ozielmagalhaes@santoantoniodepadua.rj.leg.br", 
            "full_name": "Oziel Rodrigues de Magalh\u00e3es", 
            "image": {
                "filename": "Oziel.jpg", 
                "size": 9015, 
                "uri": "https://www.santoantoniodepadua.rj.leg.br/processo-legislativo/parlamentares/oziel-magalhaes/@@downloads/Oziel.jpg"
            }, 
            "party_affiliation": [
                {
                    "date_affiliation": "2025-01-03", 
                    "date_disaffiliation": "2028-12-31", 
                    "party": "Eleito pelo Partido Renova\u00e7\u00e3o Democr\u00e1tica PRD"
                }
            ], 
            "postal_code": "28470000", 
            "site": "", 
            "telephone": "22998001747", 
            "title": "Oziel Magalh\u00e3es", 
            "uri": "https://www.santoantoniodepadua.rj.leg.br/processo-legislativo/parlamentares/oziel-magalhaes"
        }, 
        {
            "address": "S\u00edtio S\u00e3o Jo\u00e3o, Boa Nova", 
            "birthday": "1983-02-01", 
            "description": "<h2></h2>\r\n<h2>Nome Completo: Edvaldo de Miranda Dias</h2>\r\n<h2>Fotografia:</h2>\r\n<h2>Biografia: Edvaldo de Miranda Dias, conhecido como Perereca, \u00e9 vereador do munic\u00edpio de Santo Ant\u00f4nio de P\u00e1dua, estado do Rio de Janeiro. Brasileiro, nasceu em Santo Ant\u00f4nio de P\u00e1dua-RJ, no dia 04 de janeiro de 1983, filho de Sivaldo De Oliveira Dias e Miraci de Miranda Dias. Atualmente, reside no distrito de Boa Nova, 5\u00b0 distrito deste munic\u00edpio. Est\u00e1 exercendo seu segundo mandato como vereador, demonstrando forte atua\u00e7\u00e3o junto \u00e0 comunidade e compromisso com as demandas da popula\u00e7\u00e3o paduana.</h2>\r\n<h2><span>Eleito pelo Partido Democr\u00e1tico Trabalhista - PDT</span></h2>", 
            "email": "edvaldodias@santoantoniodepadua.rj.leg.br", 
            "full_name": "Edvaldo de Miranda Dias", 
            "image": {
                "filename": "EDVALDO DE MIRANDA DIAS.jpg", 
                "size": 9662, 
                "uri": "https://www.santoantoniodepadua.rj.leg.br/processo-legislativo/parlamentares/perereca/@@downloads/EDVALDO DE MIRANDA DIAS.jpg"
            }, 
            "party_affiliation": [
                {
                    "date_affiliation": "2025-01-01", 
                    "date_disaffiliation": "2028-12-31", 
                    "party": "Eleito pelo Partido Democr\u00e1tico Trabalhista - PDT"
                }
            ], 
            "postal_code": "28470000", 
            "site": "", 
            "telephone": "22 981516748", 
            "title": "Perereca", 
            "uri": "https://www.santoantoniodepadua.rj.leg.br/processo-legislativo/parlamentares/perereca"
        }, 
        {
            "address": "avenida Jos\u00e9 homem da Costa, n18 - bairro farol", 
            "birthday": "1975-03-26", 
            "description": "<h2>Nome Completo: Valdek Azevedo Gulinele</h2>\r\n<h2>Data Nascimento: 26/03/1975</h2>\r\n<h2>Fotografia:</h2>\r\n<h2>Biografia: Valdek Azevedo Gulinele, nascido em Santo Ant\u00f4nio de P\u00e1dua no dia 26/03/1975, criado no bairro meia-laranja, viveu sua inf\u00e2ncia e adolesc\u00eancia no bairro dezessete, casou-se com C\u00e9lia Maria Bezerra Gulinele no dia 08/05/1999 e teve duas filhas Ram\u00e1 Bezerra Azevedo Gulinele Lopes, e Rayanne Bezerra Azevedo de Oliveira.</h2>\r\n<h2>\u00a0</h2>\r\n<h2><span>Eleito pelo Partido Movimento Democr\u00e1tico Brasileiro - MDB</span></h2>", 
            "email": "valdekgulineli@santoantoniodepadua.rj.leg.br", 
            "full_name": "Valdek Azevedo Gulinele", 
            "image": {
                "filename": "52a39342-dea6-4b8b-8249-d0867ffd20d1.jpeg", 
                "size": 6734, 
                "uri": "https://www.santoantoniodepadua.rj.leg.br/processo-legislativo/parlamentares/valdek-construarte/@@downloads/52a39342-dea6-4b8b-8249-d0867ffd20d1.jpeg"
            }, 
            "party_affiliation": [
                {
                    "date_affiliation": "2025-01-01", 
                    "date_disaffiliation": "2028-12-31", 
                    "party": "Eleito pelo Partido Movimento Democr\u00e1tico Brasileiro - MDB"
                }
            ], 
            "postal_code": "28470000", 
            "site": "", 
            "telephone": "(22) 99239-0161", 
            "title": "Valdek ConstruArte", 
            "uri": "https://www.santoantoniodepadua.rj.leg.br/processo-legislativo/parlamentares/valdek-construarte"
        }, 
        {
            "address": "Travessa Jo\u00e3o Meira, N\u00b02, Bairro Ferreira, Santo Ant\u00f4nio de P\u00e1dua/RJ", 
            "birthday": "1985-08-10", 
            "description": "<p>\u00a0</p>\r\n<h2 style=\"text-align: justify; \">Nome Completo: Tiago Alvarenga Soares</h2>\r\n<h2 style=\"text-align: justify; \">Biografia: Tiago Alvarenga Soares conhecido como Tiago Garnier, tem 39 anos, nascido em 10 de agosto de 1985, em S\u00e3o Fid\u00e9lis. Solteiro, pai de dois meninos. Chegou em P\u00e1dua aos 12 anos e passou sua adolesc\u00eancia no bairro ferreira, onde moram seus pais e familiares.</h2>\r\n<h2 style=\"text-align: justify; \">Tiago \u00e9 formado em T\u00e9cnico de Inform\u00e1tica. Ex-coordenador da secretaria de agricultura do RJ entre os anos de 2017 e 2024; empres\u00e1rio e dono da Garnier Terraplanagem.</h2>\r\n<h2 style=\"text-align: justify; \">Foi eleito como vereador na cidade de Santo Ant\u00f4nio de P\u00e1dua para cumprir mandato nos anos de 2025 a 2028, de primeiro mandato pelo PL, eleito com 930 votos, como o segundo mais votado da cidade e o mais votado pelo partido.</h2>\r\n<h2 style=\"text-align: justify; \">Conhecido como o \"Homem do chap\u00e9u\" e \"Cowboy\". Engajado com as pessoas,\u00a0 Tiago est\u00e1 do lado do trabalhador e busca todos os dias atender aos pedidos da popula\u00e7\u00e3o.</h2>\r\n<h2 style=\"text-align: justify; \"></h2>\r\n<h2 style=\"text-align: justify; \"><strong><span>Eleito pelo Partido Liberal \u2013 PL</span></strong></h2>", 
            "email": "tiagosoares@santoantoniodepadua.rj.leg.br", 
            "full_name": "Tiago Alvarenga Soares", 
            "image": {
                "filename": "Tiago Garnier.jpeg", 
                "size": 119641, 
                "uri": "https://www.santoantoniodepadua.rj.leg.br/processo-legislativo/parlamentares/tiago-garnier/@@downloads/Tiago Garnier.jpeg"
            }, 
            "party_affiliation": [
                {
                    "date_affiliation": "2025-01-01", 
                    "date_disaffiliation": "2028-12-31", 
                    "party": "Eleito pelo Partido Liberal \u2013 PL"
                }
            ], 
            "postal_code": "28470000", 
            "site": "", 
            "telephone": "22 98846-3730", 
            "title": "Tiago Garnier", 
            "uri": "https://www.santoantoniodepadua.rj.leg.br/processo-legislativo/parlamentares/tiago-garnier"
        }, 
        {
            "address": "Santo Ant\u00f4nio de P\u00e1dua-RJ", 
            "birthday": "1961-10-02", 
            "description": "<p><span><br /></span></p>\r\n<h2>Biografia:<br />Nasceu em 02 de outubro de 1961, na Zona Rural denominada \u201cSanto Cristo\u201d, Santo Ant\u00f4nio de P\u00e1dua.<br />Filho de Maria Augusta Miranda Andrade (in memorian) e Daniel de Faria Andrade (in memorian) com 11 irm\u00e3os Dorvalina Miranda Andrade, H\u00e9lio Miranda Andrade, Pedro Miranda Andrade, Paulo Cezar Miranda Andrade, Daniel Miranda Andrade, Jos\u00e9 Bonif\u00e1cio Miranda Andrade (em memoriam), Ana Maria Miranda Andrade, Manoel Elias Miranda Andrade, Lorival Miranda Andrade, Maria da Concei\u00e7\u00e3o Miranda Andrade e Carlos Augusto Miranda Andrade.<br />Casado com Ione Oliveira Andrade construiu uma linda fam\u00edlia, onde foi presenteado por Deus com 03 filhos maravilhosos: Rodolfo Oliveira Andrade, Francione Oliveira Andrade e Leandro Oliveira Andrade. T\u00eam quatro netos Jo\u00e3o In\u00e1cio Pinto Andrade, Sofia dos Santos Andrade, Bento Jonands Andrade Santos e Alice dos Santos Andrade. Noras: Thuane e Diane e genro Jonanes.<br />Cursou prim\u00e1rio na escola da Zona Rural no \u201cSanto Cristo\u201d. Depois de adulto completou 6\u00ba ano na Escola Municipal na Divisa.<br />Come\u00e7ou a trabalhar na lavoura com 09 anos. Aos 16 trabalhou como cabouqueiro, aos 20 anos come\u00e7ou trabalhar como caminhoneiro, percorrendo v\u00e1rios Estados do Brasil.<br />No ano de 1986 ingressou no ramo de Pedras Ornamentais, montando uma serraria, na qual foi s\u00f3cio do Said at\u00e9 o ano de 2021.<br />Possui uma microempresa no ramo de Pedras Ornamentais, onde exporta para v\u00e1rios Estados do Brasil.<br />\u00c9 cat\u00f3lico praticante na Igreja Matriz de Santo Ant\u00f4nio de P\u00e1dua, faz parte do Grupo Vicentino onde fazem mensalmente visitas a fam\u00edlias carentes e tamb\u00e9m evangeliza levando a palavra de Deus.<br />Sempre participou de a\u00e7\u00f5es beneficentes, ajudando a popula\u00e7\u00e3o mais carente.</h2>\r\n<h2>Apaixonado pela pol\u00edtica, sempre participou de campanhas eleitorais apoiando v\u00e1rios amigos. No ano de 2016, com o incentivo do s\u00f3cio, com apoio de sua fam\u00edlia e amigos, lan\u00e7ou seu nome como candidato Vereador pelo PSDB, eleito com 798 votos, sendo o mais votado pelo seu partido, para o pleito de 2017 a 2020, onde quer lutar pela popula\u00e7\u00e3o Paduana, principalmente por melhorias na \u00e1rea da Sa\u00fade. Depois de ter se esfor\u00e7ado muito, suado a camisa de fato, adquirido muitos insumos para melhor atender a popula\u00e7\u00e3o.<br />Dessa maneira o reconhecimento dos cidad\u00e3os paduanos foi certo, e conseguiu se reeleger pelo mesmo partido PSDB, agora com 530 votos sendo novamente o mais votado do partido, para o pleito 2021 a 2024, e com a mesma garra e for\u00e7a de vontade de quatro anos atr\u00e1s para honrar o dever de ajudar a popula\u00e7\u00e3o paduana. Com todo empenho e dedica\u00e7\u00e3o nos 2 mandatos passados o vereador Chiquinho conseguiu sua 3\u00b0 reelei\u00e7\u00e3o conseguindo deixar seu nome marcado na Hist\u00f3ria do Munic\u00edpio de Santo Ant\u00f4nio de P\u00e1dua, com determina\u00e7\u00e3o e garra se compromete com o povo de novo para lutar por melhorias e leis que garantem os direitos de todos os Mun\u00edcipes, agora \u00e9 honrar a confian\u00e7a do povo nesse novo pleito de 2025 a 2028, seguimos com transpar\u00eancia e honestidade.</h2>\r\n<h2><span><br /></span></h2>\r\n<h2><span>Eleito pelo Partido da Social Democracia Brasileira - PSDB</span></h2>", 
            "email": "franciscodeassis@santoantoniodepadua.rj.leg.br", 
            "full_name": "Francisco de Assis Miranda Andrade", 
            "image": {
                "filename": "FRANCISCO DE ASSIS MIRANDA ANDRADE.jpg", 
                "size": 8388, 
                "uri": "https://www.santoantoniodepadua.rj.leg.br/processo-legislativo/parlamentares/chiquinho-andrade/@@downloads/FRANCISCO DE ASSIS MIRANDA ANDRADE.jpg"
            }, 
            "party_affiliation": [
                {
                    "date_affiliation": "2025-01-01", 
                    "date_disaffiliation": "2028-12-31", 
                    "party": "Eleito pelo Partido da Social Democracia Brasileira - PSDB"
                }
            ], 
            "postal_code": "28470000", 
            "site": "https://www.santoantoniodepadua.rj.leg.br/", 
            "telephone": "22998001747", 
            "title": "Chiquinho Andrade", 
            "uri": "https://www.santoantoniodepadua.rj.leg.br/processo-legislativo/parlamentares/chiquinho-andrade"
        }, 
        {
            "address": "Santo Ant\u00f4nio de P\u00e1dua-RJ", 
            "birthday": "1995-02-03", 
            "description": "<h2>Renan Ferreira Sanches, conhecido como Renan do Rosi, \u00e9 vereador do munic\u00edpio de Santo Ant\u00f4nio de P\u00e1dua, estado do Rio de Janeiro. Brasileiro, nasceu em Santo Ant\u00f4nio de P\u00e1dua-RJ, no dia 3 de fevereiro de 1995, filho de Rosimar Muniz Sanches e Dineia Ferreira Sanches. Atualmente, reside no distrito de Marangat\u00fa, 4\u00ba distrito deste munic\u00edpio. Est\u00e1 exercendo seu segundo mandato como vereador, demonstrando forte atua\u00e7\u00e3o junto \u00e0 comunidade e compromisso com as demandas da popula\u00e7\u00e3o paduana. Em 2023, foi presidente da C\u00e2mara Municipal de Santo Ant\u00f4nio de P\u00e1dua-RJ, cargo em que se destacou pela condu\u00e7\u00e3o transparente e participativa dos trabalhos legislativos. Com uma atua\u00e7\u00e3o firme e voltada ao bem coletivo, Renan do Rosi segue construindo um mandato pautado pelo di\u00e1logo, responsabilidade e proximidade com a popula\u00e7\u00e3o.</h2>\r\n<h2>\u00a0</h2>\r\n<h2><span>Eleito pelo Partido Liberal \u2013\u00a0 PL</span></h2>", 
            "email": "renandorosi@santoantoniodepadua.rj.leg.br", 
            "full_name": "Renan Ferreira Sanches", 
            "image": {
                "filename": "RENAN FERREIRA SANCHES.jpg", 
                "size": 9738, 
                "uri": "https://www.santoantoniodepadua.rj.leg.br/processo-legislativo/parlamentares/renan-do-rosi/@@downloads/RENAN FERREIRA SANCHES.jpg"
            }, 
            "party_affiliation": [
                {
                    "date_affiliation": "2025-01-01", 
                    "date_disaffiliation": "2028-12-31", 
                    "party": "Eleito pelo Partido Liberal \u2013  PL"
                }
            ], 
            "postal_code": "28470000", 
            "site": "", 
            "telephone": "22998001747", 
            "title": "Renan do Rosi", 
            "uri": "https://www.santoantoniodepadua.rj.leg.br/processo-legislativo/parlamentares/renan-do-rosi"
        }
    ]
}