{"provider_url": "https://www.santoantoniodepadua.rj.leg.br", "title": "Mesa Diretora 2025", "html": "<table>\r\n<tbody>\r\n<tr>\r\n<td>\r\n<p align=\"center\"><span><img src=\"https://www.santoantoniodepadua.rj.leg.br/banco-de-imagens/copy_of_LUISCARLOSDASILVA.jpg\" alt=\"\" class=\"image-inline\" title=\"\" />\u00a0</span></p>\r\n</td>\r\n<td>\r\n<p><strong>\u00a0</strong></p>\r\n<p><strong>Nome Parlamentar: Torinho</strong></p>\r\n<p><strong>Nome Completo:</strong>\u00a0Luiz Carlos da Silva</p>\r\n<p><strong>Cargo:</strong>\u00a0Presidente da C\u00e2mara de Vereador em 2025</p>\r\n<p><strong>Ocupa\u00e7\u00e3o</strong>: Vereador</p>\r\n<p><strong>E-mail:</strong>\u00a0luiscarlos@santoantoniodepadua.rj.leg.br</p>\r\n<p>Eleito pelo Partido Movimento Democr\u00e1tico Brasileiro - MDB</p>\r\n<p>\u00a0</p>\r\n</td>\r\n</tr>\r\n<tr>\r\n<td>\r\n<p align=\"center\">\u00a0<img src=\"https://www.santoantoniodepadua.rj.leg.br/banco-de-imagens/copy_of_RENANFERREIRASANCHES.jpg\" alt=\"\" class=\"image-inline\" title=\"\" /></p>\r\n</td>\r\n<td>\r\n<p><strong>Nome Parlamentar</strong>: Renan do Rosi</p>\r\n<p><strong>Nome Completo:</strong>\u00a0Renan Ferreira Sanches</p>\r\n<p><strong>Cargo:</strong>\u00a0Vice Presidente da C\u00e2mara de Vereador em 2025</p>\r\n<p><strong>Ocupa\u00e7\u00e3o:</strong>\u00a0Vereador</p>\r\n<p><strong>E-mail:</strong>\u00a0renandorosi@santoantoniodepadua.rj.leg.br</p>\r\n<p>Eleito pelo Partido Liberal \u2013\u00a0 PL</p>\r\n</td>\r\n</tr>\r\n<tr>\r\n<td>\r\n<p align=\"center\">\u00a0<img src=\"https://www.santoantoniodepadua.rj.leg.br/banco-de-imagens/RalphKezenLeite.jpeg/@@images/3148574e-9a46-4d63-aaaf-3200aa5d0e19.jpeg\" alt=\"\" class=\"image-inline\" title=\"\" /></p>\r\n</td>\r\n<td>\r\n<p><strong>Nome Parlamentar:</strong>\u00a0Ralph Kezen</p>\r\n<p><strong>Nome Completo:</strong>\u00a0Ralph Kezen Leite</p>\r\n<p>\u00a0<b>Cargo:\u00a0</b>Primeiro Secret\u00e1rio da C\u00e2mara em 2025</p>\r\n<p><b>Ocupa\u00e7\u00e3o:\u00a0</b>Vereador</p>\r\n<p><b>E-mail:\u00a0ralphkezen@santoantoniodepadua.rj.leg.br</b></p>\r\n<p>Eleito pelo Partido Movimento Democr\u00e1tico Brasileiro - MDB</p>\r\n</td>\r\n</tr>\r\n<tr>\r\n<td>\r\n<p align=\"center\">\u00a0<img src=\"https://www.santoantoniodepadua.rj.leg.br/banco-de-imagens/copy_of_OZIELRODRIGUESDEMAGALHES.jpg\" alt=\"\" class=\"image-inline\" title=\"\" /></p>\r\n</td>\r\n<td>\r\n<p><strong>Nome Parlamentar:</strong>\u00a0Oziel Magalh\u00e3es</p>\r\n<p><strong>Nome Completo:</strong>\u00a0Oziel Rodrigues de Magalh\u00e3es</p>\r\n<p><b>Cargo:\u00a0Cargo:\u00a0</b>Segundo Secret\u00e1rio da C\u00e2mara em 2025</p>\r\n<p><b>Ocupa\u00e7\u00e3o:\u00a0</b>Vereador</p>\r\n<p><b>E-mail:\u00a0</b>ozielmagalhaes@santoantoniodepadua.rj.leg.br</p>\r\n<p>Eleito pelo Partido Renova\u00e7\u00e3o Democr\u00e1tica PRD</p>\r\n</td>\r\n</tr>\r\n</tbody>\r\n</table>", "author_name": "", "version": "1.0", "author_url": "https://www.santoantoniodepadua.rj.leg.br/author/fernandofii", "provider_name": "C\u00e2mara de Santo Ant\u00f4nio de P\u00e1dua - RJ", "type": "rich"}