{"provider_url": "https://www.santoantoniodepadua.rj.leg.br", "title": "DECRETO LEGISLATIVO     N\u00ba 008/2020", "html": "<p class=\"MsoNormal\">DECRETO LEGISLATIVO_____________________________________________N\u00ba 008/2020</p>\r\n<p class=\"MsoNormal\"><span>Pedro Vicente Cortes Medeiros, Presidente da C\u00e2mara Municipal de Santo Ant\u00f4nio de P\u00e1dua, Estado do Rio de Janeiro, no uso de suas atribui\u00e7\u00f5es, etc...</span></p>\r\n<p class=\"MsoNormal\">\u00a0</p>\r\n<p class=\"MsoNormal\" style=\"text-align:justify; \">\u00a0</p>\r\n<p class=\"MsoNormal\" style=\"text-align:justify; \"><b>CONSIDERANDO</b><span> que a Lei Federal no 13.979, de 06 de fevereiro de 2020, trata sobre necessidade de medidas para o enfrentamento da emerg\u00eancia de sa\u00fade p\u00fablica de import\u00e2ncia internacional decorrente do denominado Corona v\u00edrus \u2013 COVID-19;</span></p>\r\n<p class=\"MsoNormal\" style=\"text-align:justify; \">\u00a0</p>\r\n<p class=\"MsoNormal\" style=\"text-align:justify; \"><b>CONSIDERANDO</b> a edi\u00e7\u00e3o do Decreto n\u00ba 46.970 do Governo Estadual, estabelecendo medidas preventivas tempor\u00e1rias de enfrentamento ao Novo Coronav\u00edrus que dever\u00e3o ser seguidas pela popula\u00e7\u00e3o fluminense ;</p>\r\n<p class=\"MsoNormal\" style=\"text-align:justify; \"><b>CONSIDERANDO </b>o decreto estadual n\u00ba47.112 de 05 de junho de 2020, atualizando medidas de enfrentamento ao COVID-19.</p>\r\n<p class=\"MsoNormal\" style=\"text-align:justify; \"><b>CONSIDERANDO</b> a Nota T\u00e9cnica da Secretaria Municipal de Sa\u00fade de 18 de Mar\u00e7o de 2020,\u00a0 a qual recomenda in\u00fameras medidas para combate e preven\u00e7\u00e3o da propaga\u00e7\u00e3o do COVID-19.</p>\r\n<p class=\"MsoNormal\" style=\"text-align:justify; \"><b>CONSIDERANDO</b> a Edi\u00e7\u00e3o dos Decretos do Poder Executivo Municipal n\u00fameros, 032 de 18 de Mar\u00e7o de 2020, 037 de 20 de Mar\u00e7o de 2020, e 038 de 21 de Mar\u00e7o de 2020, e 071\u00a0 de 29 de Junho de 2020, os quais implantam medidas para o enfrentamento do novo Coronav\u00edrus, em Emerg\u00eancia de Sa\u00fade.</p>\r\n<p class=\"MsoNormal\" style=\"text-align:justify; \"><b>CONSIDERANDO \u00a0</b>a disposi\u00e7\u00e3o de medidas de seguran\u00e7a sanit\u00e1ria para a Sess\u00e3o \u00a0de posse dos vereadores, Prefeito e Vice Prefeito eleitos para Legislatura 2021/2024 a ser realizada no dia 1\u00ba de janeiro de 2021<b>.</b></p>\r\n<p class=\"MsoNormal\" style=\"text-align:justify; \"><b>CONSIDERANDO</b> a celeridade da necessidade de continuidade de formaliza\u00e7\u00e3o dos procedimentos e regras para fins de preven\u00e7\u00e3o \u00e0 infec\u00e7\u00e3o e \u00e0 propaga\u00e7\u00e3o do COVID-19 no \u00e2mbito da C\u00e2mara Municipal de Santo Ant\u00f4nio de P\u00e1dua e consequentemente no \u00e2mbito do Munic\u00edpio, de modo a preservar a sa\u00fade de todos.</p>\r\n<p class=\"MsoNormal\" style=\"text-align:justify; \">\u00a0 \u00a0 \u00a0 \u00a0 \u00a0 \u00a0 \u00a0 \u00a0 \u00a0 \u00a0 \u00a0 \u00a0 \u00a0 \u00a0 \u00a0 \u00a0 \u00a0 \u00a0 \u00a0 \u00a0 \u00a0 \u00a0 \u00a0 \u00a0 \u00a0 \u00a0 \u00a0 \u00a0 \u00a0 \u00a0 \u00a0 \u00a0 \u00a0 \u00a0 \u00a0 \u00a0 \u00a0 \u00a0 \u00a0 \u00a0 \u00a0 \u00a0 \u00a0 \u00a0 \u00a0 \u00a0 \u00a0 \u00a0 \u00a0 \u00a0\u00a0</p>\r\n<p class=\"MsoNormal\" style=\"text-align:justify; \"><span style=\"text-align: center; \">\u00a0 \u00a0 \u00a0 \u00a0 \u00a0 \u00a0 \u00a0 \u00a0 \u00a0 \u00a0 \u00a0 \u00a0 \u00a0 \u00a0 \u00a0 \u00a0 \u00a0 \u00a0 \u00a0 \u00a0 \u00a0 \u00a0 \u00a0 \u00a0 \u00a0 \u00a0 \u00a0 \u00a0 \u00a0 \u00a0 \u00a0 \u00a0 \u00a0 \u00a0 \u00a0 \u00a0 \u00a0 \u00a0 \u00a0 \u00a0 \u00a0 \u00a0 \u00a0 \u00a0 \u00a0 \u00a0 \u00a0 \u00a0 \u00a0 \u00a0 \u00a0 \u00a0 \u00a0 \u00a0 \u00a0 \u00a0 \u00a0 \u00a0 \u00a0 \u00a0 \u00a0 \u00a0 \u00a0 \u00a0<strong> \u00a0DECRETA</strong></span></p>\r\n<p align=\"center\" class=\"MsoNormal\" style=\"text-align:center; \">\u00a0</p>\r\n<p class=\"MsoNormal\" style=\"text-align:justify; \">\u00a0</p>\r\n<p class=\"MsoNormal\" style=\"text-align:justify; \">Art. 1\u00ba Fica reservado o acesso ao Plen\u00e1rio da C\u00e2mara Municipal t\u00e3o somente aos vereadores, Prefeito e vice Prefeito Diplomados, assistentes e pessoas diretamente ligadas ao procedimento Administrativo para realiza\u00e7\u00e3o da Sess\u00e3o de Posse para a Legislatura 2021/2024, marcada para \u00e0s 19:00 hs do dia 1\u00ba de janeiro de 2021, no Plen\u00e1rio Prefeito Renato de Alvim Padilha.</p>\r\n<p class=\"MsoNormal\" style=\"text-align:justify; \">\u00a7 \u00fanico- Atendendo as recomenda\u00e7\u00f5es das autoridades sanit\u00e1rias, as pessoas participantes da Sess\u00e3o dever\u00e3o manter distanciamento, utilizando m\u00e1scaras de prote\u00e7\u00e3o individual e \u00e1lcool gel.</p>\r\n<p class=\"MsoNormal\" style=\"text-align:justify; \">Art.2\u00ba\u00a0 \u2013 A fim de \u00a0preven\u00e7\u00e3o da dissemina\u00e7\u00e3o da Covid-19, a Sess\u00e3o de Posse ser\u00e1 mista, sendo que os vereadores Diplomados portadores, que apresentem sintomas, ou mesmo forem testados positivos para o novo Coronavirus at\u00e9 a data da cerim\u00f4nia de Posse dos Eleitos dever\u00e3o participarem do ato por meio de <b>videoconfer\u00eancia</b>, sendo-lhe deferido todos os Poderes Constitu\u00eddos Regimentalmente como se presentes <b><i>in loco</i></b> estivessem em referida Sess\u00e3o, inclusive com direito a palavra e voto, lavrando-se em ata para tanto.</p>\r\n<p class=\"MsoNormal\" style=\"text-align:justify; \">\u00a7 \u00danico - Os vereadores que forem do denominado \u201cgrupo de risco\u201d optar\u00e3o pela presen\u00e7a f\u00edsica ou virtual em referida Sess\u00e3o.</p>\r\n<p class=\"MsoNormal\" style=\"text-align:justify; \">Art. 3\u00ba A C\u00e2mara de Vereadores viabilizar\u00e1 a transmiss\u00e3o da Sess\u00e3o Solene por seus canais j\u00e1 utilizados para a transmiss\u00e3o de seus atos p\u00fablicos, atrav\u00e9s das redes sociais, para acompanhamento, ao vivo, por toda sociedade Paduana.</p>\r\n<p class=\"MsoNormal\" style=\"text-align:justify; \">Art. 4\u00ba Os casos omissos ser\u00e3o decididos pela Presid\u00eancia em exerc\u00edcio, podendo vir a serem adotadas outras medidas administrativas necess\u00e1rias.</p>\r\n<p class=\"MsoNormal\" style=\"text-align:justify; \">Art. 5\u00ba As a\u00e7\u00f5es ou omiss\u00f5es que violem o disposto neste Ato sujeitam o autor a san\u00e7\u00f5es penais, civis, \u00e9ticas e administrativas.</p>\r\n<p class=\"MsoNormal\">Art. 6\u00ba- \u00a0Este Ato entra em vigor em 23 de Dezembro de 2020.</p>\r\n<p class=\"MsoNormal\">\u00a0</p>\r\n<p class=\"MsoNormal\">\u00a0</p>\r\n<p class=\"MsoNormal\">\u00a0\u00a0\u00a0\u00a0\u00a0\u00a0\u00a0\u00a0\u00a0\u00a0\u00a0\u00a0\u00a0 \u00a0\u00a0\u00a0\u00a0\u00a0\u00a0\u00a0\u00a0\u00a0\u00a0\u00a0\u00a0\u00a0\u00a0\u00a0\u00a0\u00a0\u00a0\u00a0\u00a0\u00a0\u00a0\u00a0\u00a0\u00a0\u00a0C\u00e2mara Municipal de Santo Ant\u00f4nio de P\u00e1dua,23 de Dezembro de 2020.</p>\r\n<p class=\"MsoNormal\">\u00a0</p>\r\n<p class=\"MsoNormal\">\u00a0</p>\r\n<p align=\"center\" class=\"MsoNormal\" style=\"text-align:center; \">Pedro Vicente Cortes Medeiros</p>\r\n<p>\u00a0</p>\r\n<p class=\"MsoNormal\">\u00a0 \u00a0 \u00a0 \u00a0 \u00a0 \u00a0 \u00a0 \u00a0 \u00a0 \u00a0 \u00a0 \u00a0 \u00a0 \u00a0 \u00a0 \u00a0 \u00a0 \u00a0 \u00a0 \u00a0 \u00a0 \u00a0 \u00a0 \u00a0 \u00a0 \u00a0 \u00a0 \u00a0 \u00a0 \u00a0 \u00a0 \u00a0 \u00a0 \u00a0 \u00a0 \u00a0 \u00a0 \u00a0 \u00a0 \u00a0 \u00a0 \u00a0 \u00a0 \u00a0 \u00a0 \u00a0 \u00a0 \u00a0 \u00a0 \u00a0 \u00a0 \u00a0 \u00a0 \u00a0 \u00a0 \u00a0 \u00a0 \u00a0 \u00a0 \u00a0 \u00a0 \u00a0 Presidente \u00a0 \u00a0 \u00a0 \u00a0 \u00a0 \u00a0 \u00a0</p>", "author_name": "", "version": "1.0", "author_url": "https://www.santoantoniodepadua.rj.leg.br/author/ascom", "provider_name": "C\u00e2mara de Santo Ant\u00f4nio de P\u00e1dua - RJ", "type": "rich"}