{"provider_url": "https://www.santoantoniodepadua.rj.leg.br", "title": "DECRETO LEGISLATIVO N\u00ba 003/2021", "html": "<p style=\"text-align: left; \">\u00a0</p>\r\n<p style=\"text-align: left; \">\u00a0</p>\r\n<p style=\"text-align: left; \">\u00a0</p>\r\n<p style=\"text-align: left; \">\u00a0</p>\r\n<p style=\"text-align: left; \"><b><span>\u00a0</span></b></p>\r\n<table class=\"invisible\">\r\n<tbody>\r\n<tr><th><img src=\"https://www.santoantoniodepadua.rj.leg.br/imagens/BrazaoPadua.jpg/@@images/929d0814-a27f-4e69-97fd-7408d34e81f9.jpeg\" alt=\"\" class=\"image-inline\" title=\"\" /></th><th>\r\n<h2>C\u00e2mara Municipal de Santo Ant\u00f4nio de P\u00e1dua</h2>\r\n<h2>\u00a0\u00a0\u00a0\u00a0\u00a0\u00a0\u00a0\u00a0\u00a0\u00a0\u00a0\u00a0\u00a0\u00a0\u00a0\u00a0 ESTADO DO RIO DE JANEIRO</h2>\r\n</th></tr>\r\n</tbody>\r\n</table>\r\n<h2></h2>\r\n<p>\u00a0</p>\r\n<p>\u00a0</p>\r\n<p><b><span>DECRETO LEGISLATIVO N\u00ba\u00a0 003/2021</span></b></p>\r\n<p>\u00a0</p>\r\n<p>Luis Carlos da Silva, Presidente da C\u00e2mara Municipal de Santo Ant\u00f4nio de P\u00e1dua, Estado do Rio de Janeiro, no uso de suas atribui\u00e7\u00f5es, etc...</p>\r\n<p>\u00a0</p>\r\n<p style=\"text-align: justify; \"><b>CONSIDERANDO </b>a aprova\u00e7\u00e3o da Lei Estadual n\u00ba 9.224/21, que implementou feriados nos dias 26 e 31 de mar\u00e7o e 1\u00ba de abril com a finalidade de conter o avan\u00e7o da Pandemia no Estado;</p>\r\n<p><b>CONSIDERANDO</b> que ser\u00e3o antecipados os feriados de Tiradentes (21 de abril) e S\u00e3o Jorge (23 de abril) para os dias 29 e 30 de mar\u00e7o, respectivamente;</p>\r\n<p style=\"text-align: justify; \"><b>CONSIDERANDO</b> a necessidade de regulamentar o expediente Legislativo, no per\u00edodo compreendido entre os dias 26 de mar\u00e7o e 4 de abril de 2021, em decorr\u00eancia da Lei Estadual n\u00ba 9.224/21 que implementou o feriado prolongado.</p>\r\n<p style=\"text-align: justify; \">\u00a0<b>CONSIDERANDO</b> que atualmente vereadores e servidores do Poder Legislativo Municipal mant\u00e9m a condi\u00e7\u00e3o de portadores da COVID- 19, devendo, para tanto, serem realizadas medidas sanit\u00e1rias a fim de evitar a contamina\u00e7\u00e3o comunit\u00e1ria em ambiente de trabalho.</p>\r\n<p>\u00a0</p>\r\n<p>DECRETA:</p>\r\n<p>\u00a0</p>\r\n<p style=\"text-align: justify; \">Art. 1\u00ba - No per\u00edodo compreendido entre os dias 26 de mar\u00e7o e 4 de abril de 2021, n\u00e3o haver\u00e1, junto ao Poder Legislativo Municipal, atendimento p\u00fablico na modalidade presencial, devendo, os cidad\u00e3os, \u00d3rg\u00e3os e Poderes Constitu\u00eddos dirigirem-se ao Poder Legislativo atrav\u00e9s do endere\u00e7o de e-mail Institucional para fins de protocolo e outras comunica\u00e7\u00f5es, sendo o qual : <a href=\"mailto:camarapadua@yahoo.com.br\">camarapadua@yahoo.com.br</a> .</p>\r\n<p style=\"text-align: justify; \">Art. 2\u00ba- Ficam dispensados, no per\u00edodo compreendido no artigo 1\u00ba, os servi\u00e7os presenciais dos funcion\u00e1rios do Poder Legislativo Municipal, permanecendo em regime de sobreaviso, ou de modo \u201cHome Office\u201d, considerando a caracter\u00edstica essencial de respectiva fun\u00e7\u00e3o exercida.</p>\r\n<p style=\"text-align: justify; \">Art. 3\u00ba- Ficam suspensas \u00e0s Sess\u00f5es Plen\u00e1rias e Reuni\u00f5es das Comiss\u00f5es Permanentes e Tempor\u00e1rias pelo prazo disposto no artigo 1\u00ba.</p>\r\n<p style=\"text-align: justify; \">\u00a7 \u00danico- Excetuam-se do disposto no <i>caput</i> do artigo, as Sess\u00f5es Extraordin\u00e1rias convocadas Pelo Poder Legislativo ou pelo Prefeito, a fim de deliberar assuntos de relevante Interesse P\u00fablico, ou que a mat\u00e9ria venha a ser prejudicada em virtude de prazos Legais para delibera\u00e7\u00e3o.</p>\r\n<p style=\"text-align: justify; \">Art. 4\u00ba- Devido a recente confirma\u00e7\u00e3o de casos de contamina\u00e7\u00e3o pelo COVID-19 entre vereadores e servidores do Poder Legislativo, a C\u00e2mara Municipal realizar\u00e1 a completa sanitiza\u00e7\u00e3o de todo seu pr\u00e9dio, estabelecendo novas medidas tempor\u00e1rias de preven\u00e7\u00e3o ao cont\u00e1gio e de enfrentamento da emerg\u00eancia em sa\u00fade p\u00fablica de import\u00e2ncia internacional no \u00e2mbito da C\u00e2mara Municipal de Santo Ant\u00f4nio de P\u00e1dua no exerc\u00edcio de 2021.</p>\r\n<p>Art. 5\u00ba- Os casos omissos ser\u00e3o decididos pela Presid\u00eancia da Casa, podendo vir a serem adotadas outras medidas administrativas necess\u00e1rias.</p>\r\n<p>Art. 6\u00ba-\u00a0 Este Decreto entra em vigor em 26 de Mar\u00e7o de 2021, ficando revogadas as disposi\u00e7\u00f5es em contr\u00e1rio</p>\r\n<p>\u00a0</p>\r\n<p>Santo Ant\u00f4nio de P\u00e1dua, 25 de Mar\u00e7o de 2021.</p>\r\n<p>\u00a0</p>\r\n<p>\u00a0\u00a0\u00a0\u00a0\u00a0\u00a0\u00a0 \u00a0\u00a0\u00a0\u00a0\u00a0\u00a0\u00a0\u00a0\u00a0\u00a0\u00a0\u00a0\u00a0\u00a0\u00a0\u00a0\u00a0\u00a0\u00a0\u00a0\u00a0\u00a0\u00a0\u00a0\u00a0\u00a0\u00a0\u00a0\u00a0\u00a0\u00a0\u00a0\u00a0\u00a0\u00a0\u00a0\u00a0\u00a0\u00a0\u00a0\u00a0\u00a0\u00a0\u00a0\u00a0\u00a0\u00a0\u00a0\u00a0\u00a0\u00a0\u00a0\u00a0\u00a0</p>\r\n<p align=\"center\">Luis Carlos da Silva</p>\r\n<p align=\"center\">Presidente</p>", "author_name": "", "version": "1.0", "author_url": "https://www.santoantoniodepadua.rj.leg.br/author/fernandofii", "provider_name": "C\u00e2mara de Santo Ant\u00f4nio de P\u00e1dua - RJ", "type": "rich"}